{"provider_url": "https://www.santaleopoldina.es.leg.br", "title": "Recesso Parlamentar ", "html": "A C\u00e2mara Municipal de Santa Leopoldina torna p\u00fablico que o Poder Legislativo entrar\u00e1 em recesso no dia 17 de julho de 2019, retornando suas atividades na data de 1\u00ba de agosto de 2019. \r\n\r\nInformamos, ainda, que as Sess\u00f5es retornam \u00e0 partir do dia 07 de agosto de 2019 (quarta-feira).", "author_name": "", "version": "1.0", "author_url": "https://www.santaleopoldina.es.leg.br/author/adm", "provider_name": "C\u00e2mara Municipal de Santa Leopoldina", "type": "rich"}